{"id":694,"date":"2019-11-11T18:37:03","date_gmt":"2019-11-11T17:37:03","guid":{"rendered":"http:\/\/new.strd.com.pl\/?p=694"},"modified":"2023-04-09T21:08:13","modified_gmt":"2023-04-09T19:08:13","slug":"medycyna-funkcjonalna-a-strd","status":"publish","type":"post","link":"https:\/\/akademiars.pl\/index.php\/2019\/11\/11\/medycyna-funkcjonalna-a-strd\/","title":{"rendered":"Medycyna funkcjonalna a D.I.R.T."},"content":{"rendered":"\n<p><em>Panta rej<\/em> powiedzia\u0142 kiedy\u015b Heraklit z Efezu, czyli wszystko si\u0119 zmienia. Jedyn\u0105 sta\u0142\u0105 rzecz\u0105 jest zmiana. Generalnie wszyscy wiemy ze zmiana trwa ca\u0142y czas. Co\u015b si\u0119 rodzi i co\u015b umiera, co\u015b regeneruje a co\u015b si\u0119 uszkadza. <\/p>\n\n\n\n<p>Abstrahuj\u0105c od tych oczywistych stwierdze\u0144 medycyna lubi sta\u0142o\u015b\u0107, cho\u0107 ma \u015bwiadomo\u015b\u0107, \u017ce teorie i sposoby leczenia si\u0119 nieustannie si\u0119 zmieniaj\u0105. Naturalnie dzieje si\u0119 to w spos\u00f3b bardzo zr\u00f3\u017cnicowany. Czasem trwa kilka, a czasem dziesi\u0105tki lat.  <\/p>\n\n\n\n<p>Medycyna lubi u\u017cywa\u0107 s\u0142owa <em>naukowy<\/em>, ale warto zapyta\u0107 na ile w istocie jest naukowa, w na ile, w praktyce, cz\u0119sto rozchodzimy si\u0119 mi\u0119dzy nauk\u0105, procedurami, a w\u0142asnym do\u015bwiadczeniem. <\/p>\n\n\n\n<p>W obecnym czasie nie jest przecie\u017c mo\u017cliwe, aby by\u0107 na bie\u017c\u0105co ze wszystkimi badaniami. Co wi\u0119cej nikt nie ma dobrego sposobu, aby dokona\u0107 syntezy pomi\u0119dzy poszczeg\u00f3lnymi badaniami. Z du\u017cym prawdopodobie\u0144stwiem mo\u017cna zatem za\u0142o\u017cy\u0107, \u017ce je\u017celi w jednym miejscu co\u015b potwierdzono w drugim si\u0119 to obala lub przynajmniej podaje w\u0105tpliwo\u015b\u0107. Dlatego te\u017c lata mijaj\u0105 i nic si\u0119 nie zmienia pozostawiaj\u0105c stare procedury i stare nawyki. <\/p>\n\n\n\n<p>Zmienno\u015b\u0107 jest trudna do zbadania a uchwycenie powtarzalno\u015bci jest czasem karko\u0142omne. Dlatego te\u017c od czas\u00f3w Rudolfa VIrchowa (niemieckiego patologa, kt\u00f3ry jako pierwszy stwierdzi\u0142, \u017ce guz nowotworowy to zmutowane kom\u00f3rki i tkanki) lekarze lubi\u0105 bada\u0107 cz\u0142owieka przez pryzmat kom\u00f3rki. Bada si\u0119  zatem jej struktur\u0119 &#8211; fizyczn\u0105, chemiczn\u0105 itd. Kom\u00f3rka jednak \u017cyje i pozostaje w nieustannej zmianie w zale\u017cno\u015bci od \u015brodowiska. To za\u015b przez lata nie by\u0142o uwzgl\u0119dniane bowiem wprowadza tyle zmiennych do obrazu kom\u00f3rki \u017ce po prostu lepiej si\u0119 tym nie zajmowa\u0107. <\/p>\n\n\n\n<p>Badanie \u017cywych tkanek i ca\u0142ych organizm\u00f3w w czasie odpowiedzi na \u015brodowisko jest praktycznie pomijane. A przecie\u017c, jak zaznaczyli\u015bmy na wst\u0119pie, \u017cycie jest zmian\u0105. Jak to jest zatem, \u017ce najcz\u0119\u015bciej badamy martwe struktury pod mikroskopem i w modelach komputerowych? <\/p>\n\n\n\n<p>Tworzymy nauk\u0119 w laboratorium, na modelach zwierz\u0119cych a potem na ludziach zapominaj\u0105c \u017ce s\u0105 to z regu\u0142y sztuczne odnosz\u0105ce si\u0119 do warunk\u00f3w czasem wr\u0119cz nienaturalnych.<\/p>\n\n\n\n<p>Pojawi\u0142o si\u0119 jednak \u015bwiate\u0142ko w tunelu pod postaci\u0105 epigenetyki (nauki zajmuj\u0105cej si\u0119 badaniem zmian ekspresji gen\u00f3w, kt\u00f3re nie s\u0105 zwi\u0105zane ze zmianami w sekwencji nukleotyd\u00f3w w DNA. Ekspresja ta mo\u017ce by\u0107 modyfikowana przez czynniki zewn\u0119trzne i podlega\u0107 dziedziczeniu), lecz ci\u0105gle jest ona w powijakach. Wiemy natomiast na pewno, \u017ce w ka\u017cdej chorobie wyst\u0119puje zmiana i pewna dynamika. Co wi\u0119cej, zanim wyst\u0105pi choroba, zmienia si\u0119 dynamika funkcji cia\u0142a. Pewne procesy chemiczne lub elektrofizjologiczne zwalniaj\u0105 a inne przy\u015bpieszaj\u0105. Skupiaj\u0105c si\u0119 na badaniu tylko jednego elementu, nie widzimy innych, ci\u0105gle nie dostrzegamy ca\u0142o\u015bci.  W tym momencie nasuwaj\u0105 si\u0119 pytania:<\/p>\n\n\n\n<ol class=\"wp-block-list\"><li>Czym jest dzisiaj zdrowie? <\/li><li>Kto decyduje czym jest zdrowie a czym choroba? <\/li><li>Czy lekarze podchodz\u0105 si\u0119 do cz\u0142owieka na serio je\u017celi nic nie znajduj\u0105 w wynikach?<\/li><li>Kiedy cz\u0142owiek staje si\u0119 pacjentem? czy wtedy gdy wyniki co\u015b potwierdz\u0105? a mo\u017ce wtedy kiedy podejmuje leczenie? <\/li><li>A co z ca\u0142\u0105 rzesz\u0105 os\u00f3b, kt\u00f3rzy \u017ale si\u0119 czuj\u0105 podczas gdy wyniki maj\u0105 prawid\u0142owe? <\/li><\/ol>\n\n\n\n<p>Dylemat, kiedy tak naprawd\u0119 co\u015b si\u0119 z nami dzieje, podejmujemy id\u0105c po porad\u0119. Lista problem\u00f3w ludzi, z kt\u00f3rymi udaj\u0105 si\u0119 lekarzy ro\u015bnie proporcjonalnie wykonanych bada\u0144 kt\u00f3re nic nie znajduj\u0105 (sic!) i co wtedy? Czy jestem zdrowy czy jestem chory? Co mam zrobi\u0107 &#8211; leczy\u0107 objawy a mo\u017ce same ust\u0105pi\u0105? Stosowa\u0107 profilaktyk\u0119, ale jak\u0105, skoro nic nie wiadomo a ja nie czuj\u0119 si\u0119 zdrowo? Czeka\u0107? a je\u015bli rozwinie choroba i b\u0119dzie ju\u017c zbyt p\u00f3\u017ano? Takie dylematy maj\u0105 pacjenci <\/p>\n\n\n\n<p>Dlatego jeste\u015bmy pewni, \u017ce powinni\u015bmy zmieni\u0107 paradygmat opieki zdrowotnej maj\u0105c w uwadze poni\u017csze cele:  <\/p>\n\n\n\n<ul class=\"wp-block-list\"><li>Cel 1: pacjent musi wzi\u0105\u0107 odpowiedzialno\u015b\u0107 sam za siebie.  <\/li><li>Cel 2: nikt inny jak tylko sam pacjent musi podj\u0105\u0107 decyzj\u0119 czy czuje si\u0119 dobrze, zdrowo, czy te\u017c czuje si\u0119 chory.<\/li><li>Cel 3: lekarze\u00a0musz\u0105\u00a0poszukiwa\u0107\u00a0metod,\u00a0kt\u00f3re\u00a0zademonstruj\u0105\u00a0i wyja\u015bni\u0105 z\u0142e samopoczucie naszych\u00a0pacjent\u00f3w.  <\/li><\/ul>\n\n\n\n<p>W tym momencie docieramy do tego czym jest <strong>medycyna funkcjonalna<\/strong>.  Choroba nie powstaje jako np. rak, wrz\u00f3d, egzema, zapalenie. Do choroby doprowadza zawsze jaki\u015b zaburzony proces. Proces to okre\u015blona funkcja zatem, je\u015bli poprawiamy funkcje to jest wysoce prawdopodobne \u017ce choroba nigdy nie powstanie, a je\u015bli nawet, to z du\u017cym prawdopodobie\u0144stwem b\u0119dzie mia\u0142a \u0142agodniejszy przebieg. Dlatego nasz\u0105 propozycj\u0105 jest badanie zmiany tzw. dynamiczna termografia. Dynamiczna termografia pokazuje zmian\u0119 funkcji i okre\u015blony proces w kolejnych badaniach, czyli trend. <\/p>\n\n\n\n<p>Na wst\u0119pie nale\u017cy zaznaczy\u0107 co mierzymy a czego nie   <\/p>\n\n\n\n<p>Nie\u00a0mierzymy zatem:<\/p>\n\n\n\n<ul class=\"wp-block-list\"><li> potencja\u0142\u00f3w elektrycznych, <\/li><li> oporno\u015bci sk\u00f3ry,  <\/li><li> potencja\u0142\u00f3w powy\u017cej punkt\u00f3w akupunkturowych,  <\/li><li> p\u00f3l elektromagnetycznych,  <\/li><li> p\u00f3l informacyjnych, <\/li><li> p\u00f3l biorezonansowych,  <\/li><li> temperatury.                                                                                                                      <\/li><\/ul>\n\n\n\n<p><strong>Mierzymy wy\u0142\u0105cznie promieniowanie ludzkiego organizmu w zakresie podczerwieni.<\/strong>  Promieniowanie w zakresie podczerwieni sk\u00f3ry ludzkiej koresponduje z temperatur\u0105 sk\u00f3ry. Jej temperatura za\u015b koresponduje z autonomiczn\u0105,  hormonaln\u0105 oraz chemiczn\u0105 regulacj\u0105 wegetatywnego systemu nerwowego. <\/p>\n\n\n\n<p>Autonomiczna regulacja wegetatywnego systemu nerwowego koresponduje z  funkcjami:<\/p>\n\n\n\n<ul class=\"wp-block-list\"><li> organ\u00f3w, <\/li><li> sk\u00f3ry,  <\/li><li> mi\u0119\u015bni,  <\/li><li> nerw\u00f3w,  <\/li><li> ko\u015bci,  <\/li><li> staw\u00f3w,  <\/li><li> psychiki,  <\/li><li> zachowaniem cz\u0142owieka i innymi. <\/li><\/ul>\n\n\n\n<p>Dokonuj\u0105c pomiaru w podczerwieni, mierzymy funkcj\u0119 polepszenia &#8211; usprawnianie funkcji jest najlepsz\u0105 mo\u017cliwo\u015bci\u0105 dzia\u0142ania w kierunku wczesnej\u00a0i\u00a0efektywnej prewencji.<\/p>\n\n\n\n<p>W\u00a0latach\u00a080-tych\u00a0termografia\u00a0mia\u0142a\u00a0z\u0142\u0105\u00a0reputacj\u0119,\u00a0poniewa\u017c\u00a0funkcja\u00a0 \u00a0<br>by\u0142a\u00a0r\u00f3wnana\u00a0z\u00a0diagnoz\u0105\u00a0i\u00a0wynikami\u00a0histologicznymi. Maj\u0105c now\u0105 metod\u0119, tak\u0105 jak nasza, odrodzenie termografii podczerwonej jest ju\u017c faktem.<\/p>\n\n\n\n<p>Czym jest dok\u0142adnie skaningowa diagnostyka termoregulacyjna? Wyja\u015bniamy w innym artykule. <\/p>\n","protected":false},"excerpt":{"rendered":"<p>Panta rej powiedzia\u0142 kiedy\u015b Heraklit z Efezu, czyli wszystko si\u0119 zmienia. Jedyn\u0105 sta\u0142\u0105 rzecz\u0105 jest zmiana. Generalnie wszyscy wiemy ze zmiana trwa ca\u0142y czas. Co\u015b si\u0119 rodzi i co\u015b umiera, co\u015b regeneruje a co\u015b si\u0119 uszkadza. Abstrahuj\u0105c od tych oczywistych stwierdze\u0144 medycyna lubi sta\u0142o\u015b\u0107, cho\u0107 ma \u015bwiadomo\u015b\u0107, \u017ce teorie i sposoby leczenia si\u0119 nieustannie si\u0119&hellip;&nbsp;<a href=\"https:\/\/akademiars.pl\/index.php\/2019\/11\/11\/medycyna-funkcjonalna-a-strd\/\" rel=\"bookmark\">Dowiedz si\u0119 wi\u0119cej &raquo;<span class=\"screen-reader-text\">Medycyna funkcjonalna a D.I.R.T.<\/span><\/a><\/p>\n","protected":false},"author":1,"featured_media":695,"comment_status":"closed","ping_status":"open","sticky":false,"template":"","format":"standard","meta":{"neve_meta_sidebar":"default","neve_meta_container":"default","neve_meta_enable_content_width":"off","neve_meta_content_width":70,"neve_meta_title_alignment":"","neve_meta_author_avatar":"","neve_post_elements_order":"","neve_meta_disable_header":"off","neve_meta_disable_footer":"off","neve_meta_disable_title":"off","footnotes":""},"categories":[1],"tags":[],"class_list":["post-694","post","type-post","status-publish","format-standard","has-post-thumbnail","hentry","category-bez-kategorii"],"_links":{"self":[{"href":"https:\/\/akademiars.pl\/index.php\/wp-json\/wp\/v2\/posts\/694","targetHints":{"allow":["GET"]}}],"collection":[{"href":"https:\/\/akademiars.pl\/index.php\/wp-json\/wp\/v2\/posts"}],"about":[{"href":"https:\/\/akademiars.pl\/index.php\/wp-json\/wp\/v2\/types\/post"}],"author":[{"embeddable":true,"href":"https:\/\/akademiars.pl\/index.php\/wp-json\/wp\/v2\/users\/1"}],"replies":[{"embeddable":true,"href":"https:\/\/akademiars.pl\/index.php\/wp-json\/wp\/v2\/comments?post=694"}],"version-history":[{"count":0,"href":"https:\/\/akademiars.pl\/index.php\/wp-json\/wp\/v2\/posts\/694\/revisions"}],"wp:featuredmedia":[{"embeddable":true,"href":"https:\/\/akademiars.pl\/index.php\/wp-json\/wp\/v2\/media\/695"}],"wp:attachment":[{"href":"https:\/\/akademiars.pl\/index.php\/wp-json\/wp\/v2\/media?parent=694"}],"wp:term":[{"taxonomy":"category","embeddable":true,"href":"https:\/\/akademiars.pl\/index.php\/wp-json\/wp\/v2\/categories?post=694"},{"taxonomy":"post_tag","embeddable":true,"href":"https:\/\/akademiars.pl\/index.php\/wp-json\/wp\/v2\/tags?post=694"}],"curies":[{"name":"wp","href":"https:\/\/api.w.org\/{rel}","templated":true}]}}